{"id":29376,"date":"2026-04-30T08:00:38","date_gmt":"2026-04-30T06:00:38","guid":{"rendered":"https:\/\/chargeurs.com\/?p=29376"},"modified":"2026-04-30T13:57:07","modified_gmt":"2026-04-30T11:57:07","slug":"ssemblee-generale-2026-video","status":"publish","type":"post","link":"https:\/\/chargeurs.com\/en\/ssemblee-generale-2026-video\/","title":{"rendered":"[Replay] Retrouvez l&rsquo;Assembl\u00e9e g\u00e9n\u00e9rale 2026 en vid\u00e9o"},"content":{"rendered":"<p>Catch up on the 2026 General Meeting of the \u00abCompagnie Chargeurs Invest\u00bb Group on replay.<\/p>\n<p><a href=\"https:\/\/chargeurs.engagestream.euronext.com\/assemblee_generale_2026\" target=\"_blank\" rel=\"noopener\">Access the replay by clicking here<\/a><\/p>","protected":false},"excerpt":{"rendered":"<p>Retrouvez en replay l&rsquo;assembl\u00e9e g\u00e9n\u00e9rale 2026 du Groupe \u00ab\u00a0Compagnie Chargeurs Invest\u00a0\u00bb. Acc\u00e9der au replay en cliquant ici<\/p>","protected":false},"author":9,"featured_media":29378,"comment_status":"closed","ping_status":"closed","sticky":false,"template":"","format":"standard","meta":{"_acf_changed":false,"footnotes":""},"categories":[11,238],"tags":[],"class_list":["post-29376","post","type-post","status-publish","format-standard","has-post-thumbnail","hentry","category-actualites","category-fr-assemblees-generales"],"acf":[],"yoast_head":"<!-- This site is optimized with the Yoast SEO plugin v27.5 - https:\/\/yoast.com\/product\/yoast-seo-wordpress\/ -->\n<title>[Replay] Retrouvez l&#039;Assembl\u00e9e g\u00e9n\u00e9rale 2026 en vid\u00e9o - Compagnie Chargeurs Invest<\/title>\n<meta name=\"robots\" content=\"index, follow, max-snippet:-1, max-image-preview:large, max-video-preview:-1\" \/>\n<link rel=\"canonical\" href=\"https:\/\/chargeurs.com\/en\/ssemblee-generale-2026-video\/\" \/>\n<meta property=\"og:locale\" content=\"en_GB\" \/>\n<meta property=\"og:type\" content=\"article\" \/>\n<meta property=\"og:title\" content=\"[Replay] Retrouvez l&#039;Assembl\u00e9e g\u00e9n\u00e9rale 2026 en vid\u00e9o - Compagnie Chargeurs Invest\" \/>\n<meta property=\"og:description\" content=\"Retrouvez en replay l&rsquo;assembl\u00e9e g\u00e9n\u00e9rale 2026 du Groupe \u00ab\u00a0Compagnie Chargeurs Invest\u00a0\u00bb. Acc\u00e9der au replay en cliquant ici\" \/>\n<meta property=\"og:url\" content=\"https:\/\/chargeurs.com\/en\/ssemblee-generale-2026-video\/\" \/>\n<meta property=\"og:site_name\" content=\"Compagnie Chargeurs Invest\" \/>\n<meta property=\"article:published_time\" content=\"2026-04-30T06:00:38+00:00\" \/>\n<meta property=\"article:modified_time\" content=\"2026-04-30T11:57:07+00:00\" \/>\n<meta property=\"og:image\" content=\"https:\/\/chargeurs.com\/wp-content\/uploads\/2026\/04\/AG2026.jpg\" \/>\n\t<meta property=\"og:image:width\" content=\"1584\" \/>\n\t<meta property=\"og:image:height\" content=\"866\" \/>\n\t<meta property=\"og:image:type\" content=\"image\/jpeg\" \/>\n<meta name=\"author\" content=\"dev2\" \/>\n<meta name=\"twitter:card\" content=\"summary_large_image\" \/>\n<meta name=\"twitter:creator\" content=\"@groupechargeurs\" \/>\n<meta name=\"twitter:site\" content=\"@groupechargeurs\" \/>\n<meta name=\"twitter:label1\" content=\"Written by\" \/>\n\t<meta name=\"twitter:data1\" content=\"dev2\" \/>\n\t<meta name=\"twitter:label2\" content=\"Estimated reading time\" \/>\n\t<meta name=\"twitter:data2\" content=\"1 minute\" \/>\n<script type=\"application\/ld+json\" class=\"yoast-schema-graph\">{\"@context\":\"https:\\\/\\\/schema.org\",\"@graph\":[{\"@type\":\"Article\",\"@id\":\"https:\\\/\\\/chargeurs.com\\\/ssemblee-generale-2026-video\\\/#article\",\"isPartOf\":{\"@id\":\"https:\\\/\\\/chargeurs.com\\\/ssemblee-generale-2026-video\\\/\"},\"author\":{\"name\":\"dev2\",\"@id\":\"https:\\\/\\\/chargeurs.com\\\/#\\\/schema\\\/person\\\/e572a3a4b3555347db11aa81a7e8198d\"},\"headline\":\"[Replay] Retrouvez l&rsquo;Assembl\u00e9e g\u00e9n\u00e9rale 2026 en vid\u00e9o\",\"datePublished\":\"2026-04-30T06:00:38+00:00\",\"dateModified\":\"2026-04-30T11:57:07+00:00\",\"mainEntityOfPage\":{\"@id\":\"https:\\\/\\\/chargeurs.com\\\/ssemblee-generale-2026-video\\\/\"},\"wordCount\":32,\"publisher\":{\"@id\":\"https:\\\/\\\/chargeurs.com\\\/#organization\"},\"image\":{\"@id\":\"https:\\\/\\\/chargeurs.com\\\/ssemblee-generale-2026-video\\\/#primaryimage\"},\"thumbnailUrl\":\"https:\\\/\\\/chargeurs.com\\\/wp-content\\\/uploads\\\/2026\\\/04\\\/AG2026.jpg\",\"articleSection\":[\"FR - Actualit\u00e9s\",\"FR - Assembl\u00e9es G\u00e9n\u00e9rales\"],\"inLanguage\":\"en-GB\"},{\"@type\":\"WebPage\",\"@id\":\"https:\\\/\\\/chargeurs.com\\\/ssemblee-generale-2026-video\\\/\",\"url\":\"https:\\\/\\\/chargeurs.com\\\/ssemblee-generale-2026-video\\\/\",\"name\":\"[Replay] Retrouvez l'Assembl\u00e9e g\u00e9n\u00e9rale 2026 en vid\u00e9o - Compagnie Chargeurs Invest\",\"isPartOf\":{\"@id\":\"https:\\\/\\\/chargeurs.com\\\/#website\"},\"primaryImageOfPage\":{\"@id\":\"https:\\\/\\\/chargeurs.com\\\/ssemblee-generale-2026-video\\\/#primaryimage\"},\"image\":{\"@id\":\"https:\\\/\\\/chargeurs.com\\\/ssemblee-generale-2026-video\\\/#primaryimage\"},\"thumbnailUrl\":\"https:\\\/\\\/chargeurs.com\\\/wp-content\\\/uploads\\\/2026\\\/04\\\/AG2026.jpg\",\"datePublished\":\"2026-04-30T06:00:38+00:00\",\"dateModified\":\"2026-04-30T11:57:07+00:00\",\"breadcrumb\":{\"@id\":\"https:\\\/\\\/chargeurs.com\\\/ssemblee-generale-2026-video\\\/#breadcrumb\"},\"inLanguage\":\"en-GB\",\"potentialAction\":[{\"@type\":\"ReadAction\",\"target\":[\"https:\\\/\\\/chargeurs.com\\\/ssemblee-generale-2026-video\\\/\"]}]},{\"@type\":\"ImageObject\",\"inLanguage\":\"en-GB\",\"@id\":\"https:\\\/\\\/chargeurs.com\\\/ssemblee-generale-2026-video\\\/#primaryimage\",\"url\":\"https:\\\/\\\/chargeurs.com\\\/wp-content\\\/uploads\\\/2026\\\/04\\\/AG2026.jpg\",\"contentUrl\":\"https:\\\/\\\/chargeurs.com\\\/wp-content\\\/uploads\\\/2026\\\/04\\\/AG2026.jpg\",\"width\":1584,\"height\":866,\"caption\":\"Screenshot\"},{\"@type\":\"BreadcrumbList\",\"@id\":\"https:\\\/\\\/chargeurs.com\\\/ssemblee-generale-2026-video\\\/#breadcrumb\",\"itemListElement\":[{\"@type\":\"ListItem\",\"position\":1,\"name\":\"Accueil\",\"item\":\"https:\\\/\\\/chargeurs.com\\\/\"},{\"@type\":\"ListItem\",\"position\":2,\"name\":\"[Replay] Retrouvez l&rsquo;Assembl\u00e9e g\u00e9n\u00e9rale 2026 en vid\u00e9o\"}]},{\"@type\":\"WebSite\",\"@id\":\"https:\\\/\\\/chargeurs.com\\\/#website\",\"url\":\"https:\\\/\\\/chargeurs.com\\\/\",\"name\":\"Compagnie Chargeurs Invest\",\"description\":\"Est. 1872\",\"publisher\":{\"@id\":\"https:\\\/\\\/chargeurs.com\\\/#organization\"},\"potentialAction\":[{\"@type\":\"SearchAction\",\"target\":{\"@type\":\"EntryPoint\",\"urlTemplate\":\"https:\\\/\\\/chargeurs.com\\\/?s={search_term_string}\"},\"query-input\":{\"@type\":\"PropertyValueSpecification\",\"valueRequired\":true,\"valueName\":\"search_term_string\"}}],\"inLanguage\":\"en-GB\"},{\"@type\":\"Organization\",\"@id\":\"https:\\\/\\\/chargeurs.com\\\/#organization\",\"name\":\"Compagnie Chargeurs Invest\",\"url\":\"https:\\\/\\\/chargeurs.com\\\/\",\"logo\":{\"@type\":\"ImageObject\",\"inLanguage\":\"en-GB\",\"@id\":\"https:\\\/\\\/chargeurs.com\\\/#\\\/schema\\\/logo\\\/image\\\/\",\"url\":\"https:\\\/\\\/chargeurs.com\\\/wp-content\\\/uploads\\\/2025\\\/01\\\/CHARGEURS_LOGOS_PH07_VECTO.png\",\"contentUrl\":\"https:\\\/\\\/chargeurs.com\\\/wp-content\\\/uploads\\\/2025\\\/01\\\/CHARGEURS_LOGOS_PH07_VECTO.png\",\"width\":7000,\"height\":6081,\"caption\":\"Compagnie Chargeurs Invest\"},\"image\":{\"@id\":\"https:\\\/\\\/chargeurs.com\\\/#\\\/schema\\\/logo\\\/image\\\/\"},\"sameAs\":[\"https:\\\/\\\/x.com\\\/groupechargeurs\",\"https:\\\/\\\/www.linkedin.com\\\/company\\\/chargeurs\\\/\",\"https:\\\/\\\/www.youtube.com\\\/channel\\\/UC9R1cwGvepzgyvsm10uu24w\"]},{\"@type\":\"Person\",\"@id\":\"https:\\\/\\\/chargeurs.com\\\/#\\\/schema\\\/person\\\/e572a3a4b3555347db11aa81a7e8198d\",\"name\":\"dev2\",\"image\":{\"@type\":\"ImageObject\",\"inLanguage\":\"en-GB\",\"@id\":\"https:\\\/\\\/secure.gravatar.com\\\/avatar\\\/58abedc661cc9c777885697030d01edf5e19344e006652d71aeb4e66faed0c19?s=96&d=mm&r=g\",\"url\":\"https:\\\/\\\/secure.gravatar.com\\\/avatar\\\/58abedc661cc9c777885697030d01edf5e19344e006652d71aeb4e66faed0c19?s=96&d=mm&r=g\",\"contentUrl\":\"https:\\\/\\\/secure.gravatar.com\\\/avatar\\\/58abedc661cc9c777885697030d01edf5e19344e006652d71aeb4e66faed0c19?s=96&d=mm&r=g\",\"caption\":\"dev2\"},\"url\":\"https:\\\/\\\/chargeurs.com\\\/en\\\/author\\\/dev2\\\/\"}]}<\/script>\n<!-- \/ Yoast SEO plugin. -->","yoast_head_json":{"title":"[Replay] Retrouvez l'Assembl\u00e9e g\u00e9n\u00e9rale 2026 en vid\u00e9o - Compagnie Chargeurs Invest","robots":{"index":"index","follow":"follow","max-snippet":"max-snippet:-1","max-image-preview":"max-image-preview:large","max-video-preview":"max-video-preview:-1"},"canonical":"https:\/\/chargeurs.com\/en\/ssemblee-generale-2026-video\/","og_locale":"en_GB","og_type":"article","og_title":"[Replay] Retrouvez l'Assembl\u00e9e g\u00e9n\u00e9rale 2026 en vid\u00e9o - Compagnie Chargeurs Invest","og_description":"Retrouvez en replay l&rsquo;assembl\u00e9e g\u00e9n\u00e9rale 2026 du Groupe \u00ab\u00a0Compagnie Chargeurs Invest\u00a0\u00bb. Acc\u00e9der au replay en cliquant ici","og_url":"https:\/\/chargeurs.com\/en\/ssemblee-generale-2026-video\/","og_site_name":"Compagnie Chargeurs Invest","article_published_time":"2026-04-30T06:00:38+00:00","article_modified_time":"2026-04-30T11:57:07+00:00","og_image":[{"width":1584,"height":866,"url":"https:\/\/chargeurs.com\/wp-content\/uploads\/2026\/04\/AG2026.jpg","type":"image\/jpeg"}],"author":"dev2","twitter_card":"summary_large_image","twitter_creator":"@groupechargeurs","twitter_site":"@groupechargeurs","twitter_misc":{"Written by":"dev2","Estimated reading time":"1 minute"},"schema":{"@context":"https:\/\/schema.org","@graph":[{"@type":"Article","@id":"https:\/\/chargeurs.com\/ssemblee-generale-2026-video\/#article","isPartOf":{"@id":"https:\/\/chargeurs.com\/ssemblee-generale-2026-video\/"},"author":{"name":"dev2","@id":"https:\/\/chargeurs.com\/#\/schema\/person\/e572a3a4b3555347db11aa81a7e8198d"},"headline":"[Replay] Retrouvez l&rsquo;Assembl\u00e9e g\u00e9n\u00e9rale 2026 en vid\u00e9o","datePublished":"2026-04-30T06:00:38+00:00","dateModified":"2026-04-30T11:57:07+00:00","mainEntityOfPage":{"@id":"https:\/\/chargeurs.com\/ssemblee-generale-2026-video\/"},"wordCount":32,"publisher":{"@id":"https:\/\/chargeurs.com\/#organization"},"image":{"@id":"https:\/\/chargeurs.com\/ssemblee-generale-2026-video\/#primaryimage"},"thumbnailUrl":"https:\/\/chargeurs.com\/wp-content\/uploads\/2026\/04\/AG2026.jpg","articleSection":["FR - Actualit\u00e9s","FR - Assembl\u00e9es G\u00e9n\u00e9rales"],"inLanguage":"en-GB"},{"@type":"WebPage","@id":"https:\/\/chargeurs.com\/ssemblee-generale-2026-video\/","url":"https:\/\/chargeurs.com\/ssemblee-generale-2026-video\/","name":"[Replay] Retrouvez l'Assembl\u00e9e g\u00e9n\u00e9rale 2026 en vid\u00e9o - Compagnie Chargeurs Invest","isPartOf":{"@id":"https:\/\/chargeurs.com\/#website"},"primaryImageOfPage":{"@id":"https:\/\/chargeurs.com\/ssemblee-generale-2026-video\/#primaryimage"},"image":{"@id":"https:\/\/chargeurs.com\/ssemblee-generale-2026-video\/#primaryimage"},"thumbnailUrl":"https:\/\/chargeurs.com\/wp-content\/uploads\/2026\/04\/AG2026.jpg","datePublished":"2026-04-30T06:00:38+00:00","dateModified":"2026-04-30T11:57:07+00:00","breadcrumb":{"@id":"https:\/\/chargeurs.com\/ssemblee-generale-2026-video\/#breadcrumb"},"inLanguage":"en-GB","potentialAction":[{"@type":"ReadAction","target":["https:\/\/chargeurs.com\/ssemblee-generale-2026-video\/"]}]},{"@type":"ImageObject","inLanguage":"en-GB","@id":"https:\/\/chargeurs.com\/ssemblee-generale-2026-video\/#primaryimage","url":"https:\/\/chargeurs.com\/wp-content\/uploads\/2026\/04\/AG2026.jpg","contentUrl":"https:\/\/chargeurs.com\/wp-content\/uploads\/2026\/04\/AG2026.jpg","width":1584,"height":866,"caption":"Screenshot"},{"@type":"BreadcrumbList","@id":"https:\/\/chargeurs.com\/ssemblee-generale-2026-video\/#breadcrumb","itemListElement":[{"@type":"ListItem","position":1,"name":"Accueil","item":"https:\/\/chargeurs.com\/"},{"@type":"ListItem","position":2,"name":"[Replay] Retrouvez l&rsquo;Assembl\u00e9e g\u00e9n\u00e9rale 2026 en vid\u00e9o"}]},{"@type":"WebSite","@id":"https:\/\/chargeurs.com\/#website","url":"https:\/\/chargeurs.com\/","name":"Compagnie Chargeurs Invest","description":"Est. 1872","publisher":{"@id":"https:\/\/chargeurs.com\/#organization"},"potentialAction":[{"@type":"SearchAction","target":{"@type":"EntryPoint","urlTemplate":"https:\/\/chargeurs.com\/?s={search_term_string}"},"query-input":{"@type":"PropertyValueSpecification","valueRequired":true,"valueName":"search_term_string"}}],"inLanguage":"en-GB"},{"@type":"Organization","@id":"https:\/\/chargeurs.com\/#organization","name":"Compagnie Chargeurs Invest","url":"https:\/\/chargeurs.com\/","logo":{"@type":"ImageObject","inLanguage":"en-GB","@id":"https:\/\/chargeurs.com\/#\/schema\/logo\/image\/","url":"https:\/\/chargeurs.com\/wp-content\/uploads\/2025\/01\/CHARGEURS_LOGOS_PH07_VECTO.png","contentUrl":"https:\/\/chargeurs.com\/wp-content\/uploads\/2025\/01\/CHARGEURS_LOGOS_PH07_VECTO.png","width":7000,"height":6081,"caption":"Compagnie Chargeurs Invest"},"image":{"@id":"https:\/\/chargeurs.com\/#\/schema\/logo\/image\/"},"sameAs":["https:\/\/x.com\/groupechargeurs","https:\/\/www.linkedin.com\/company\/chargeurs\/","https:\/\/www.youtube.com\/channel\/UC9R1cwGvepzgyvsm10uu24w"]},{"@type":"Person","@id":"https:\/\/chargeurs.com\/#\/schema\/person\/e572a3a4b3555347db11aa81a7e8198d","name":"dev2","image":{"@type":"ImageObject","inLanguage":"en-GB","@id":"https:\/\/secure.gravatar.com\/avatar\/58abedc661cc9c777885697030d01edf5e19344e006652d71aeb4e66faed0c19?s=96&d=mm&r=g","url":"https:\/\/secure.gravatar.com\/avatar\/58abedc661cc9c777885697030d01edf5e19344e006652d71aeb4e66faed0c19?s=96&d=mm&r=g","contentUrl":"https:\/\/secure.gravatar.com\/avatar\/58abedc661cc9c777885697030d01edf5e19344e006652d71aeb4e66faed0c19?s=96&d=mm&r=g","caption":"dev2"},"url":"https:\/\/chargeurs.com\/en\/author\/dev2\/"}]}},"_links":{"self":[{"href":"https:\/\/chargeurs.com\/en\/wp-json\/wp\/v2\/posts\/29376","targetHints":{"allow":["GET"]}}],"collection":[{"href":"https:\/\/chargeurs.com\/en\/wp-json\/wp\/v2\/posts"}],"about":[{"href":"https:\/\/chargeurs.com\/en\/wp-json\/wp\/v2\/types\/post"}],"author":[{"embeddable":true,"href":"https:\/\/chargeurs.com\/en\/wp-json\/wp\/v2\/users\/9"}],"replies":[{"embeddable":true,"href":"https:\/\/chargeurs.com\/en\/wp-json\/wp\/v2\/comments?post=29376"}],"version-history":[{"count":2,"href":"https:\/\/chargeurs.com\/en\/wp-json\/wp\/v2\/posts\/29376\/revisions"}],"predecessor-version":[{"id":29400,"href":"https:\/\/chargeurs.com\/en\/wp-json\/wp\/v2\/posts\/29376\/revisions\/29400"}],"wp:featuredmedia":[{"embeddable":true,"href":"https:\/\/chargeurs.com\/en\/wp-json\/wp\/v2\/media\/29378"}],"wp:attachment":[{"href":"https:\/\/chargeurs.com\/en\/wp-json\/wp\/v2\/media?parent=29376"}],"wp:term":[{"taxonomy":"category","embeddable":true,"href":"https:\/\/chargeurs.com\/en\/wp-json\/wp\/v2\/categories?post=29376"},{"taxonomy":"post_tag","embeddable":true,"href":"https:\/\/chargeurs.com\/en\/wp-json\/wp\/v2\/tags?post=29376"}],"curies":[{"name":"wp","href":"https:\/\/api.w.org\/{rel}","templated":true}]}}